{"id":637,"date":"2022-01-11T10:09:44","date_gmt":"2022-01-11T09:09:44","guid":{"rendered":"https:\/\/fcdarchive.fr\/?p=637"},"modified":"2022-01-11T10:10:18","modified_gmt":"2022-01-11T09:10:18","slug":"la-hora-de-los-hornos","status":"publish","type":"post","link":"https:\/\/fcdarchive.fr\/?p=637","title":{"rendered":"La Hora de los Hornos"},"content":{"rendered":"\n<p><em>La Hora de los Hornos<\/em> (<em>L&rsquo;heure des brasiers<\/em>), Fernando Ezequiel Solanas, 1968, 260 mn.<\/p>\n\n\n\n<p class=\"has-small-font-size\">Rapports et T\u00e9moignages sur le n\u00e9ocolonialisme, la violence et la lib\u00e9ration est l&rsquo;un des symboles de la r\u00e9sistance et de la culture politique de la g\u00e9n\u00e9ration des ann\u00e9es 60 et 70. C&rsquo;est un essai de r\u00e9flexion sur la situation socio-politique de l&rsquo;Argentine entre les ann\u00e9es 1945-1968. Il a \u00e9t\u00e9 film\u00e9 clandestinement pendant la guerre froide et en Am\u00e9rique latine, gouvern\u00e9e par des oligarchies et des dictatures militaires pro-am\u00e9ricaines. L&rsquo;\u0153uvre est une trilogie de quatre heures, divis\u00e9e en chapitres et unie par le th\u00e8me de la d\u00e9pendance et de la lib\u00e9ration.<\/p>\n\n\n\n<figure class=\"wp-block-embed is-type-video is-provider-youtube wp-block-embed-youtube wp-embed-aspect-4-3 wp-has-aspect-ratio\"><div class=\"wp-block-embed__wrapper\">\n<iframe loading=\"lazy\" title=\"La Hora de los Hornos - Documental completo - Cine Liberaci\u00f3n\" width=\"640\" height=\"480\" src=\"https:\/\/www.youtube.com\/embed\/z2HRWWyQ-kY?feature=oembed\" frameborder=\"0\" allow=\"accelerometer; autoplay; clipboard-write; encrypted-media; gyroscope; picture-in-picture\" allowfullscreen><\/iframe>\n<\/div><\/figure>\n","protected":false},"excerpt":{"rendered":"<p>La Hora de los Hornos (L&rsquo;heure des brasiers), Fernando Ezequiel Solanas, 1968, 260 mn. Rapports et T\u00e9moignages sur le n\u00e9ocolonialisme, la violence et la lib\u00e9ration est l&rsquo;un des symboles de la r\u00e9sistance et de la culture politique de la g\u00e9n\u00e9ration des ann\u00e9es 60 et 70. C&rsquo;est un essai de r\u00e9flexion sur la situation socio-politique de [&hellip;]<\/p>\n","protected":false},"author":1,"featured_media":0,"comment_status":"closed","ping_status":"open","sticky":false,"template":"","format":"standard","meta":[],"categories":[8,44,28,72],"tags":[],"_links":{"self":[{"href":"https:\/\/fcdarchive.fr\/index.php?rest_route=\/wp\/v2\/posts\/637"}],"collection":[{"href":"https:\/\/fcdarchive.fr\/index.php?rest_route=\/wp\/v2\/posts"}],"about":[{"href":"https:\/\/fcdarchive.fr\/index.php?rest_route=\/wp\/v2\/types\/post"}],"author":[{"embeddable":true,"href":"https:\/\/fcdarchive.fr\/index.php?rest_route=\/wp\/v2\/users\/1"}],"replies":[{"embeddable":true,"href":"https:\/\/fcdarchive.fr\/index.php?rest_route=%2Fwp%2Fv2%2Fcomments&post=637"}],"version-history":[{"count":3,"href":"https:\/\/fcdarchive.fr\/index.php?rest_route=\/wp\/v2\/posts\/637\/revisions"}],"predecessor-version":[{"id":640,"href":"https:\/\/fcdarchive.fr\/index.php?rest_route=\/wp\/v2\/posts\/637\/revisions\/640"}],"wp:attachment":[{"href":"https:\/\/fcdarchive.fr\/index.php?rest_route=%2Fwp%2Fv2%2Fmedia&parent=637"}],"wp:term":[{"taxonomy":"category","embeddable":true,"href":"https:\/\/fcdarchive.fr\/index.php?rest_route=%2Fwp%2Fv2%2Fcategories&post=637"},{"taxonomy":"post_tag","embeddable":true,"href":"https:\/\/fcdarchive.fr\/index.php?rest_route=%2Fwp%2Fv2%2Ftags&post=637"}],"curies":[{"name":"wp","href":"https:\/\/api.w.org\/{rel}","templated":true}]}}